{"id":857,"date":"2011-03-24T09:26:33","date_gmt":"2011-03-24T09:26:33","guid":{"rendered":"http:\/\/www.palmernoise.com\/?p=857"},"modified":"2011-03-24T09:28:22","modified_gmt":"2011-03-24T09:28:22","slug":"noz-ch","status":"publish","type":"post","link":"https:\/\/palmernoise.com\/wordpress\/2011\/03\/24\/noz-ch\/","title":{"rendered":"NOZ.ch"},"content":{"rendered":"<p><strong>Plattentaufe  im Chr\u00e4merhuus<\/strong><\/p>\n<p><strong>LANGENTHAL<\/strong> Im Winter 2001 spielte die Langenthaler Metal-Band Palmer ihre erste Live-Show. Wo? Nat\u00fcrlich im Chr\u00e4merhuus. Zum 10-j\u00e4hrigen  B\u00fchnenjubil\u00e4um taufen Steve Diener, Jan W\u00e4lchli, Ueli Heiniger und Remo  R\u00f6schli ihr neues Album \u00abMomentum\u00bb am Geburtsort  ihrer Live-Karriere.  Die CD wurde im Herbst 2010 in den Little Creek Studios in Gelterkinden  aufgenommen  und hat von der Fachpresse  bereits einige  Vorschusslorbeeren  erhalten. Mit der Westschweizer  Band \u00abKruger\u00bb und  der franz\u00f6sischen One-Man Band \u00abZero Absolu\u00bb, welche als Special Guest  die B\u00fchne zum Beben bringen,  wird der Abend zum feuchten Traum jedes  Heavy Metal-Fans. Plattentaufe \u00abMomentum\u00bb: Palmer (Langenthal), Kruger (VD), Zero Absolu (F), Samstag, 26. M\u00e4rz, 20.30  Uhr, Fr. 15.-, im Kulturzentrum  Chr\u00e4merhuus, Langenthal. Die NOZ  verlost 2&#215;2 Tickets. E-Mail mit dem Betreff \u00abPalmer\u00bb an <a href=\"mailto:frei@noz.ch\" target=\"_blanks\">frei@noz.ch<\/a>, Einsendeschluss: Freitag, 25. M\u00e4rz, 9 Uhr. Bitte Telefonnummer  vermerken!<em> pd<\/em><\/p>\n<p><a href=\"https:\/\/palmernoise.com\/wordpress\/wp-content\/uploads\/NOZ-plattentaufe-im-chraemerhuus.pdf\">link to article<\/a><em><br \/>\n<\/em><\/p>\n","protected":false},"excerpt":{"rendered":"<p>Plattentaufe im Chr\u00e4merhuus LANGENTHAL Im Winter 2001 spielte die Langenthaler Metal-Band Palmer ihre erste Live-Show. Wo? Nat\u00fcrlich im Chr\u00e4merhuus. Zum 10-j\u00e4hrigen B\u00fchnenjubil\u00e4um taufen Steve Diener, Jan W\u00e4lchli, Ueli Heiniger und Remo R\u00f6schli ihr neues Album \u00abMomentum\u00bb am Geburtsort ihrer Live-Karriere. Die CD wurde im Herbst 2010 in den Little Creek Studios in Gelterkinden aufgenommen und [&hellip;]<\/p>\n","protected":false},"author":1,"featured_media":0,"comment_status":"closed","ping_status":"open","sticky":false,"template":"","format":"standard","meta":{"footnotes":""},"categories":[11,33],"tags":[],"class_list":["post-857","post","type-post","status-publish","format-standard","hentry","category-articles","category-press"],"_links":{"self":[{"href":"https:\/\/palmernoise.com\/wordpress\/wp-json\/wp\/v2\/posts\/857"}],"collection":[{"href":"https:\/\/palmernoise.com\/wordpress\/wp-json\/wp\/v2\/posts"}],"about":[{"href":"https:\/\/palmernoise.com\/wordpress\/wp-json\/wp\/v2\/types\/post"}],"author":[{"embeddable":true,"href":"https:\/\/palmernoise.com\/wordpress\/wp-json\/wp\/v2\/users\/1"}],"replies":[{"embeddable":true,"href":"https:\/\/palmernoise.com\/wordpress\/wp-json\/wp\/v2\/comments?post=857"}],"version-history":[{"count":4,"href":"https:\/\/palmernoise.com\/wordpress\/wp-json\/wp\/v2\/posts\/857\/revisions"}],"predecessor-version":[{"id":862,"href":"https:\/\/palmernoise.com\/wordpress\/wp-json\/wp\/v2\/posts\/857\/revisions\/862"}],"wp:attachment":[{"href":"https:\/\/palmernoise.com\/wordpress\/wp-json\/wp\/v2\/media?parent=857"}],"wp:term":[{"taxonomy":"category","embeddable":true,"href":"https:\/\/palmernoise.com\/wordpress\/wp-json\/wp\/v2\/categories?post=857"},{"taxonomy":"post_tag","embeddable":true,"href":"https:\/\/palmernoise.com\/wordpress\/wp-json\/wp\/v2\/tags?post=857"}],"curies":[{"name":"wp","href":"https:\/\/api.w.org\/{rel}","templated":true}]}}